{"id":10,"date":"2017-03-09T12:02:11","date_gmt":"2017-03-09T12:02:11","guid":{"rendered":"http:\/\/flor.pixelina.com.uy\/wp\/?p=10"},"modified":"2021-08-30T11:41:45","modified_gmt":"2021-08-30T11:41:45","slug":"acnur-protege","status":"publish","type":"post","link":"https:\/\/florencialastreto.com\/wp\/acnur-protege\/","title":{"rendered":"ACNUR: RefugiArte, la crisis de refugiados ilustrada por artistas latinoamericanos"},"content":{"rendered":"\n<pre class=\"wp-block-preformatted\"><strong>Untitled<\/strong><br>November 2015<br>Ink and digital on paper<\/pre>\n\n\n\n<div class=\"wp-block-columns has-2-columns is-layout-flex wp-container-core-columns-is-layout-9d6595d7 wp-block-columns-is-layout-flex\">\n<div class=\"wp-block-column is-layout-flow wp-block-column-is-layout-flow\">\n<p>[Pt]<br>Mostra coletiva organizada pela ACNUR com a participa\u00e7\u00e3o de mais de 40 artistas da America Latina. A mostra j\u00e1 visitou varios pa\u00edses como Argentina, Chile, Ecuador, Peru, Uruguai e continua viajando&#8230;  <\/p>\n<\/div>\n\n\n\n<div class=\"wp-block-column is-layout-flow wp-block-column-is-layout-flow\">\n<p>[Es]<br>Muestra colectiva organizada por ACNUR con la participaci\u00f3n de m\u00e1s de 40 artistas de Latinoam\u00e9rica. La exposici\u00f3n ya visit\u00f3 varios pa\u00edses como Argentina, Chile, Ecuador, Per\u00fa, Uruguay, y contin\u00faa viajando&#8230;   <\/p>\n<\/div>\n<\/div>\n\n\n\n<div class=\"wp-block-columns has-2-columns is-layout-flex wp-container-core-columns-is-layout-9d6595d7 wp-block-columns-is-layout-flex\">\n<div class=\"wp-block-column is-layout-flow wp-block-column-is-layout-flow\">\n<p>[En]<br>Group exhibition with more than 40 latinoamericano artists organised by UNHCR. The show has already visited several countries like Argentina, Chile, Ecuador, Peru, Uruguay and is still traveling&#8230;.<br><\/p>\n<\/div>\n\n\n\n<div class=\"wp-block-column is-layout-flow wp-block-column-is-layout-flow\"><\/div>\n<\/div>\n\n\n\n<figure class=\"wp-block-image\"><img loading=\"lazy\" decoding=\"async\" width=\"1024\" height=\"975\" src=\"http:\/\/florencialastreto.com\/wp\/wp-content\/uploads\/2019\/03\/FlorenciaLastreto-dibujoACNUR-original-1024x975.jpg\" alt=\"Florencia Lastreto - ACNUR original\" class=\"wp-image-1157\" srcset=\"https:\/\/florencialastreto.com\/wp\/wp-content\/uploads\/2019\/03\/FlorenciaLastreto-dibujoACNUR-original-1024x975.jpg 1024w, https:\/\/florencialastreto.com\/wp\/wp-content\/uploads\/2019\/03\/FlorenciaLastreto-dibujoACNUR-original-300x286.jpg 300w, https:\/\/florencialastreto.com\/wp\/wp-content\/uploads\/2019\/03\/FlorenciaLastreto-dibujoACNUR-original-768x731.jpg 768w, https:\/\/florencialastreto.com\/wp\/wp-content\/uploads\/2019\/03\/FlorenciaLastreto-dibujoACNUR-original.jpg 1080w\" sizes=\"auto, (max-width: 1024px) 100vw, 1024px\" \/><\/figure>\n\n\n\n<figure class=\"wp-block-image alignnone wp-image-553 size-full\"><img loading=\"lazy\" decoding=\"async\" width=\"720\" height=\"540\" src=\"http:\/\/flor.pixelina.com.uy\/wp\/wp-content\/uploads\/2016\/08\/catalogoACNUR.jpg\" alt=\"Cat\u00e1logo ACNUR\" class=\"wp-image-553\" srcset=\"https:\/\/florencialastreto.com\/wp\/wp-content\/uploads\/2016\/08\/catalogoACNUR.jpg 720w, https:\/\/florencialastreto.com\/wp\/wp-content\/uploads\/2016\/08\/catalogoACNUR-300x225.jpg 300w\" sizes=\"auto, (max-width: 720px) 100vw, 720px\" \/><figcaption>Cat\u00e1logo de la muestra.<\/figcaption><\/figure>\n\n\n\n<p>Algunos de los espacios en los que la muestra\u00a0ya se expuso:<br><span class=\"fontstyle0\">&#8211; EspacioArte de Aeropuertos Argentina 2000, Aeropuerto<br>Internacional Ezeiza. Buenos Aires, Argentina.<br>&#8211; Centro Cultural Estaci\u00f3n Mapocho. Santiago de Chile, Chile. (<a href=\"http:\/\/www.lun.com\/Pages\/NewsDetail.aspx?dt=2016-05-22&amp;NewsID=345727&amp;BodyID=0&amp;PaginaId=34\">Nota de prensa<\/a>, <a href=\"http:\/\/www.elciudadano.cl\/2016\/05\/12\/285700\/1refugiarte-ilustraciones-sobre-crisis-mundial-de-refugiados-llegan-al-centro-cultural-estacion-mapocho\/\">nota de prensa<\/a>, <a href=\"https:\/\/www.youtube.com\/watch?v=pg1JfAT6gnA\">video<\/a>)<br>&#8211; Sede del IPPDH, Espacio Memoria y Derechos Humanos. Buenos<br>Aires, Argentina.<br>&#8211; Parque Kennedy. Lima ,Per\u00fa.<br>&#8211; Scala Shopping. Quito, Ecuador.<\/span><br>&#8211; Biblioteca Nacional de Argentina.\u00a0Buenos Aires, Argentina.<br>&#8211; Museo de los Ni\u00f1os del Abasto.\u00a0Buenos Aires, Argentina.<br>&#8211; Biblioteca Regional de Antofagasta. Antofagasta, <span class=\"il\">Chile. <a href=\"http:\/\/www.estrellaantofagasta.cl\/impresa\/2017\/01\/17\/full\/cuerpo-principal\/8\/\">(Nota de prensa)<\/a><\/span><\/p>\n\n\n\n<p><a href=\"https:\/\/www.flickr.com\/photos\/acnurlasamericas\/albums\/72157666083381501\/with\/25337521204\/\" target=\"_blank\" rel=\"noopener noreferrer\">Click aqu\u00ed<\/a> para&nbsp;ver una galer\u00eda con algunas de las ilustraciones.<\/p>\n\n\n\n<figure><iframe loading=\"lazy\" src=\"https:\/\/www.youtube.com\/embed\/pg1JfAT6gnA\" width=\"560\" height=\"315\" frameborder=\"0\" allowfullscreen=\"allowfullscreen\"><\/iframe><\/figure>\n\n\n\n<p><br><em>Video sobre la muestra en en Centro Cultural Mapocho, en Santiago de Chile.<\/em><\/p>\n\n\n\n<div class=\"mceTemp\">&nbsp;<\/div>\n\n\n\n<figure class=\"wp-block-image alignnone wp-image-547 size-full\"><img loading=\"lazy\" decoding=\"async\" width=\"720\" height=\"480\" src=\"http:\/\/flor.pixelina.com.uy\/wp\/wp-content\/uploads\/2016\/08\/acnur-lima.jpg\" alt=\"Exposici\u00f3n ACNUR protege en Lima\" class=\"wp-image-547\" srcset=\"https:\/\/florencialastreto.com\/wp\/wp-content\/uploads\/2016\/08\/acnur-lima.jpg 720w, https:\/\/florencialastreto.com\/wp\/wp-content\/uploads\/2016\/08\/acnur-lima-300x200.jpg 300w\" sizes=\"auto, (max-width: 720px) 100vw, 720px\" \/><figcaption>Exposici\u00f3n en Lima, Per\u00fa.<\/figcaption><\/figure>\n","protected":false},"excerpt":{"rendered":"<p>UntitledNovember 2015Ink and digital on paper [Pt]Mostra coletiva organizada pela ACNUR com a participa\u00e7\u00e3o de mais&hellip;<\/p>\n","protected":false},"author":1,"featured_media":212,"comment_status":"closed","ping_status":"closed","sticky":false,"template":"","format":"standard","meta":{"footnotes":""},"categories":[68],"tags":[],"class_list":["post-10","post","type-post","status-publish","format-standard","has-post-thumbnail","hentry","category-infanto-juvenil"],"_links":{"self":[{"href":"https:\/\/florencialastreto.com\/wp\/wp-json\/wp\/v2\/posts\/10","targetHints":{"allow":["GET"]}}],"collection":[{"href":"https:\/\/florencialastreto.com\/wp\/wp-json\/wp\/v2\/posts"}],"about":[{"href":"https:\/\/florencialastreto.com\/wp\/wp-json\/wp\/v2\/types\/post"}],"author":[{"embeddable":true,"href":"https:\/\/florencialastreto.com\/wp\/wp-json\/wp\/v2\/users\/1"}],"replies":[{"embeddable":true,"href":"https:\/\/florencialastreto.com\/wp\/wp-json\/wp\/v2\/comments?post=10"}],"version-history":[{"count":23,"href":"https:\/\/florencialastreto.com\/wp\/wp-json\/wp\/v2\/posts\/10\/revisions"}],"predecessor-version":[{"id":1158,"href":"https:\/\/florencialastreto.com\/wp\/wp-json\/wp\/v2\/posts\/10\/revisions\/1158"}],"wp:featuredmedia":[{"embeddable":true,"href":"https:\/\/florencialastreto.com\/wp\/wp-json\/wp\/v2\/media\/212"}],"wp:attachment":[{"href":"https:\/\/florencialastreto.com\/wp\/wp-json\/wp\/v2\/media?parent=10"}],"wp:term":[{"taxonomy":"category","embeddable":true,"href":"https:\/\/florencialastreto.com\/wp\/wp-json\/wp\/v2\/categories?post=10"},{"taxonomy":"post_tag","embeddable":true,"href":"https:\/\/florencialastreto.com\/wp\/wp-json\/wp\/v2\/tags?post=10"}],"curies":[{"name":"wp","href":"https:\/\/api.w.org\/{rel}","templated":true}]}}